{"id":42,"date":"2025-04-12T08:15:27","date_gmt":"2025-04-12T05:15:27","guid":{"rendered":"http:\/\/kaletepe.net\/?p=42"},"modified":"2025-04-13T03:50:39","modified_gmt":"2025-04-13T00:50:39","slug":"cayiralan-bakkaliyesi-oksuz-kaldi","status":"publish","type":"post","link":"https:\/\/kaletepe.net\/?p=42","title":{"rendered":"\u00c7ay\u0131ralan Bakkaliyesi \u00d6ks\u00fcz Kald\u0131"},"content":{"rendered":"\n<figure class=\"wp-block-image size-full is-resized\"><img fetchpriority=\"high\" decoding=\"async\" width=\"300\" height=\"222\" src=\"http:\/\/kaletepe.net\/wp-content\/uploads\/2025\/04\/foto1.jpg\" alt=\"\" class=\"wp-image-43\" style=\"width:292px;height:auto\" srcset=\"https:\/\/kaletepe.net\/wp-content\/uploads\/2025\/04\/foto1.jpg 300w, https:\/\/kaletepe.net\/wp-content\/uploads\/2025\/04\/foto1-140x104.jpg 140w\" sizes=\"(max-width: 300px) 100vw, 300px\" \/><\/figure>\n\n\n\n<p><strong>\u00c7AYIRALAN BAKKAL\u0130YES\u0130 \u00d6KS\u00dcZ KALDI<\/strong><\/p>\n\n\n\n<p>Eskilerin tabiriyle Hamam Pazar\u0131 olan Sar\u0131kaya\u2019ya yolu d\u00fc\u015fenlerin u\u011frak yerlerinden olan&nbsp; il\u00e7emiz \u00c7ay\u0131ralan\u2019\u0131n ad\u0131yla tan\u0131nan \u00c7ay\u0131ralan Bakkaliyesi\u2019ni &nbsp;belli ya\u015f\u0131n \u00fczerinde olan b\u00fct\u00fcn hem\u015fehrilerimiz bilir. Herkesin bu bakkaliyeyle ilgili de\u011fi\u015fik an\u0131lar\u0131 vard\u0131r. K\u00f6y\u00fcm\u00fcz\u00fcn d\u0131\u015far\u0131ya &nbsp;ticari olarak a\u00e7\u0131l\u0131\u015f\u0131n\u0131n da sembol\u00fcd\u00fcr.<\/p>\n\n\n\n<p>\u00c7ay\u0131ralan Bakkaliyesi\u2019nin k\u00f6y\u00fcm\u00fcz a\u00e7\u0131s\u0131ndan&nbsp;&nbsp; tarihi bir boyutu var. 1956 y\u0131l\u0131nda &nbsp;bir Bakkal olarak bug\u00fcn G\u00fcner ailesine ait olan&nbsp; Poli\u2019nin Mehmet\u2019in (K\u0131l\u0131\u00e7) bah\u00e7esinin yan\u0131ndaki k\u00fc\u00e7\u00fck bir mekanda kuruldu ve&nbsp; k\u00f6y sakinlerine bakkaliye hizmetleri sundu. Bu&nbsp; giri\u015fim k\u00f6y\u00fcm\u00fczde bakkala\u015fma a\u00e7\u0131s\u0131ndan Merhum Ahraz\u0131n Mustafa\u2019n\u0131n (Adem B\u00fcy\u00fckata\u2019n\u0131n babas\u0131) m\u00fctevazi bakkal\u0131yla beraber ilk faaliyetlerdendi ve bu faaliyeti&nbsp; \u00c7ay\u0131ralanl\u0131 merhum kalayc\u0131 Mehmet\u2019in yard\u0131m\u0131yla ger\u00e7ekle\u015ftiren &nbsp;Mehmet K\u0131l\u0131\u00e7 (Haf\u0131z a\u011fa, Ad\u0131g\u00fczel (k\u00f6y\u00fcm\u00fcz\u00fcn tabiriyle ad\u0131ozel)) idi. Sar\u0131kaya\u2019n\u0131n il\u00e7e olmas\u0131n\u0131n ard\u0131ndan &nbsp;ticari faaliyetlerini s\u00fcrd\u00fcrmek amac\u0131yla Haf\u0131z A\u011fa bakkal\u0131 Sar\u0131kaya\u2019ya ta\u015f\u0131y\u0131nca bu mekan \u00e7ocuklu\u011fumuzda kendir ve kilim dokumac\u0131l\u0131\u011f\u0131n\u0131n yap\u0131ld\u0131\u011f\u0131 &nbsp;i\u015flik olarak i\u015flevini s\u00fcrd\u00fcrd\u00fc.<\/p>\n\n\n\n<p>Sar\u0131kaya\u2019n\u0131n il\u00e7e olmas\u0131ndan sonra 1959 y\u0131l\u0131nda merhum Babas\u0131 Poli\u2019nin Mehmet ile &nbsp;Haf\u0131z A\u011fa, Sar\u0131kaya\u2019da bug\u00fcn \u00fczerinde bir Eczane\u2019nin&nbsp; bulundu\u011fu d\u00fckkan yerini Belediye\u2019den ihale yoluyla sat\u0131n alarak oraya \u015fu an 40 ya\u015f ve \u00fczerinde olan hem\u015fehrilerimizin hat\u0131rlayca\u011f\u0131 \u00fcst\u00fc otel (Otel bir d\u00f6nem sitemiz edit\u00f6rleri taraf\u0131ndan da i\u015fletilmi\u015ftir), alt\u0131 depo olan ah\u015fap binay\u0131 \u00f6nce Otel, 1961 y\u0131l\u0131ndan itibaren de \u00c7ay\u0131ralan Bakkaliyesi olarak faaliyete ge\u00e7irdi. Bu bakkal bir \u00e7o\u011fumuzun ileti\u015fim noktas\u0131, ba\u011flant\u0131 yeri oldu. Mektuplar\u0131m\u0131z \u201c\u00c7ay\u0131rlalan Bakkaliyesi\u201d eliyle&nbsp; bizlere ula\u015ft\u0131. Telefon hatt\u0131 sahibi olman\u0131n neredeyse imkans\u0131z oldu\u011fu d\u00f6nemde halen&nbsp; g\u00fcn\u00fcm\u00fcz d\u00fczenlemesiyle mirasc\u0131lar\u0131n\u0131n korudu\u011fu 53 numaral\u0131 telefon da sesli ba\u011flant\u0131lar\u0131m\u0131za arac\u0131l\u0131k etti. Zamanla ticari faaliyetlerin artmas\u0131 sonucu Haf\u0131z A\u011fa 2 orta\u011f\u0131yla Yayla Toptan G\u0131da Pazar\u0131n\u0131 kurunca, \u00c7ay\u0131ralan Bakkaliyesi\u2019nin&nbsp; i\u015fletimi \u00d6mer (K\u0131l\u0131\u00e7) A\u011fa taraf\u0131ndan s\u00fcrd\u00fcr\u00fclmeye ba\u015fland\u0131.<\/p>\n\n\n\n<p>Bu d\u00f6neme gelinceye kadar \u00d6mer a\u011fa k\u00f6ydeki ilkleri ya\u015fatanlardan biri oldu. Gen\u00e7lik y\u0131llar\u0131nda &nbsp;askerlik d\u00f6n\u00fc\u015f\u00fc ba\u011flama \u00e7almaya \u00e7al\u0131\u015ft\u0131. Almanya\u2019ya&nbsp; i\u015fci al\u0131m\u0131 ba\u015flay\u0131nca, 1964 y\u0131l\u0131n\u0131n Nisan ay\u0131nda&nbsp; k\u00f6yden Almanya\u2019ya giden ilk ki\u015fi oldu. Almanya\u2019da durumunu d\u00fczeltince karde\u015fi Hasan A\u011fa\u2019y\u0131 da&nbsp; yan\u0131na g\u00f6t\u00fcrd\u00fc. 1970 y\u0131l\u0131nda KS ED 53 plakal\u0131&nbsp; Ford marka arabayla Almanya\u2019dan k\u00f6y\u00fcm\u00fcze karayoluyla ilk izne&nbsp; gelen&nbsp;&nbsp;ki\u015fi de \u00d6mer A\u011fa oldu.&nbsp; Almanya\u2019dan&nbsp; memlekete&nbsp;&nbsp; k\u0131sa s\u00fcrede kesin d\u00f6n\u00fc\u015f yap\u0131p, \u00c7ay\u0131ralan Bakkaliyesi\u2019nde ticari faaliyete giri\u015fen de O oldu.<\/p>\n\n\n\n<p>Haf\u0131z A\u011fa\u2019n\u0131n \u00c7ay\u0131ralan Bakkaliyesi\u2019ndeki ortakl\u0131ktan ayr\u0131lmas\u0131ndan sonra,&nbsp;&nbsp; d\u00fckkan \u00d6mer A\u011fa ve a\u011fabeyi Merhum Hasan (K\u0131l\u0131\u00e7) A\u011fa\u2019n\u0131n uhdesinde kald\u0131. Hasan A\u011fa\u2019n\u0131n o\u011flu &nbsp;Yakup K\u0131l\u0131\u00e7 &nbsp;babas\u0131n\u0131n ad\u0131na amcas\u0131yla beraber&nbsp; askerlik d\u00f6n\u00fc\u015f\u00fcne kadar &nbsp;&nbsp;\u00c7ay\u0131ralan Bakkaliyesi\u2019ni i\u015flettiler.&nbsp; Bu s\u00fcre\u00e7te \u00c7ay\u0131ralan Bakkaliyesi &nbsp;K\u0131l\u0131\u00e7 ailesinin bireyleri&nbsp; ve &nbsp;d\u00fckkanda ge\u00e7ici aral\u0131klarla \u00e7al\u0131\u015fanlar i\u00e7in ticari ve sosyal bir e\u011fitim merkezi oldu. Ayr\u0131ca karaborsan\u0131n h\u00fck\u00fcm s\u00fcrd\u00fc\u011f\u00fc y\u0131llarda&nbsp; m\u00fc\u015fterilerine normal fiyatlardan mal &nbsp;sundu. &nbsp;Daha b\u00fcy\u00fcy\u00fcp \u015firket konumuna gelmesi beklenirken, &nbsp;1978 y\u0131l\u0131nda karde\u015flerin ayr\u0131l\u0131\u011f\u0131yla Bakkaliye art\u0131k \u00d6mer A\u011fa\u2019n\u0131n y\u00f6netiminde kald\u0131.<\/p>\n\n\n\n<p>\u00d6mer A\u011fa, al\u0131\u015fkanl\u0131k oldu\u011fu \u00fczere d\u00fckkan\u0131 erkenden a\u00e7ard\u0131. Yan\u0131nda bulunan ve i\u015fci kahvehanesi olarak kabul g\u00f6ren&nbsp; Yahyasarayl\u0131 Kamil A\u011fa\u2019n\u0131n \u00e7ocuklar\u0131n\u0131n i\u015fletti\u011fi kahvehane nedeniyle, d\u00fckkan i\u015fcilerin g\u0131da ihtiya\u00e7lar\u0131n\u0131 kar\u015f\u0131lad\u0131klar\u0131 ilk mekan oldu.<\/p>\n\n\n\n<p><a href=\"https:\/\/archive.is\/o\/A4zix\/www.kaletepe.net\/wp-content\/uploads\/2012\/03\/cayiralan1.jpg\"><\/a>1959 yap\u0131lan binan\u0131n y\u0131k\u0131l\u0131p yeniden yap\u0131lmas\u0131 a\u015famas\u0131nda bir s\u00fcre ba\u015fka yere ta\u015f\u0131nan \u00c7ay\u0131ralan Bakkaliyesi daha sonra yeni binas\u0131nda faaliyetlerini s\u00fcrd\u00fcrd\u00fc. &nbsp;Ancak bu yeni s\u00fcre\u00e7 uzun s\u00fcrmedi. \u00d6mer A\u011fa\u2019n\u0131n \u00e7ocuklar\u0131n\u0131n farkl\u0131 i\u015f deneyimlerini tercih etmeleri ve il\u00e7edeki marketle\u015fmelerde ya\u015fanan yo\u011funluk&nbsp; kar\u015f\u0131s\u0131nda, \u00c7ay\u0131ralan Bakkaliyesi\u2019nin 1961 den bu yana s\u00fcrd\u00fc\u011f\u00fc mekan\u0131ndaki bakkaliye faaliyeti sona erdi. \u015e\u00fcphesiz \u00d6mer A\u011fa\u2019n\u0131n ilerleyen ya\u015f\u0131 ve sa\u011fl\u0131k problemleri &nbsp;de bu sonun ya\u015fanmas\u0131nda etkili oldu.<\/p>\n\n\n\n<p>\u00c7ay\u0131ralan Bakkaliyesi bu d\u00f6nemden&nbsp; sonra&nbsp; Melez yolunda&nbsp;&nbsp; bakkaliyenin temelini atan merhum &nbsp;Poli\u2019nin Mehmet\u2019in son g\u00fcnlerini ya\u015fad\u0131\u011f\u0131 mekanda bir s\u00fcre &nbsp;mahalle bakkal\u0131 olarak hizmet verdi. &nbsp;Ancak ne eski ihti\u015fam\u0131 ne de sosyal i\u015flevi kald\u0131.\u00d6mer A\u011fa &nbsp;(K\u00f6ydeki&nbsp; lakab\u0131yla \u00d6mer \u00c7avu\u015f) 9 Aral\u0131k 2011 tarihinde hakk\u0131n rahmetine kavu\u015ftu. Onun&nbsp; vefat\u0131yla birlikte, &nbsp;k\u0131sa s\u00fcreli\u011fine varl\u0131\u011f\u0131n\u0131 s\u00fcrd\u00fcrse de \u00c7ay\u0131ralan Bakkaliyesi \u00f6ks\u00fcz kald\u0131. 40 y\u0131la yak\u0131n&nbsp; hizmeti nedeniyle \u00c7ay\u0131ralan Bakkaliyesi \u00d6mer A\u011fa ile \u00f6zde\u015fle\u015fmi\u015fti. Mahalle bakkal\u0131 da kapand\u0131ktan sonra geriye sadece tabelas\u0131 kald\u0131.<\/p>\n\n\n\n<p>Allah \u00d6mer A\u011fa&#8217;ya&nbsp;&nbsp;rahmet eylesin ve makam\u0131 cennet olsun.<\/p>\n\n\n\n<p><\/p>\n","protected":false},"excerpt":{"rendered":"<p>\u00c7AYIRALAN BAKKAL\u0130YES\u0130 \u00d6KS\u00dcZ KALDI Eskilerin tabiriyle Hamam Pazar\u0131 olan Sar\u0131kaya\u2019ya yolu d\u00fc\u015fenlerin u\u011frak yerlerinden olan&nbsp; il\u00e7emiz \u00c7ay\u0131ralan\u2019\u0131n ad\u0131yla tan\u0131nan \u00c7ay\u0131ralan Bakkaliyesi\u2019ni &nbsp;belli ya\u015f\u0131n \u00fczerinde olan b\u00fct\u00fcn hem\u015fehrilerimiz bilir. Herkesin bu&hellip;<\/p>\n","protected":false},"author":1,"featured_media":0,"comment_status":"open","ping_status":"open","sticky":false,"template":"","format":"standard","meta":{"footnotes":""},"categories":[1],"tags":[],"class_list":["post-42","post","type-post","status-publish","format-standard","hentry","category-genel"],"_links":{"self":[{"href":"https:\/\/kaletepe.net\/index.php?rest_route=\/wp\/v2\/posts\/42","targetHints":{"allow":["GET"]}}],"collection":[{"href":"https:\/\/kaletepe.net\/index.php?rest_route=\/wp\/v2\/posts"}],"about":[{"href":"https:\/\/kaletepe.net\/index.php?rest_route=\/wp\/v2\/types\/post"}],"author":[{"embeddable":true,"href":"https:\/\/kaletepe.net\/index.php?rest_route=\/wp\/v2\/users\/1"}],"replies":[{"embeddable":true,"href":"https:\/\/kaletepe.net\/index.php?rest_route=%2Fwp%2Fv2%2Fcomments&post=42"}],"version-history":[{"count":2,"href":"https:\/\/kaletepe.net\/index.php?rest_route=\/wp\/v2\/posts\/42\/revisions"}],"predecessor-version":[{"id":181,"href":"https:\/\/kaletepe.net\/index.php?rest_route=\/wp\/v2\/posts\/42\/revisions\/181"}],"wp:attachment":[{"href":"https:\/\/kaletepe.net\/index.php?rest_route=%2Fwp%2Fv2%2Fmedia&parent=42"}],"wp:term":[{"taxonomy":"category","embeddable":true,"href":"https:\/\/kaletepe.net\/index.php?rest_route=%2Fwp%2Fv2%2Fcategories&post=42"},{"taxonomy":"post_tag","embeddable":true,"href":"https:\/\/kaletepe.net\/index.php?rest_route=%2Fwp%2Fv2%2Ftags&post=42"}],"curies":[{"name":"wp","href":"https:\/\/api.w.org\/{rel}","templated":true}]}}