{"id":179,"date":"2025-04-13T03:49:39","date_gmt":"2025-04-13T00:49:39","guid":{"rendered":"https:\/\/kaletepe.net\/?p=179"},"modified":"2025-04-14T11:08:57","modified_gmt":"2025-04-14T08:08:57","slug":"almanyada-yapilan-koy-senliklerikoy-senligi","status":"publish","type":"post","link":"https:\/\/kaletepe.net\/?p=179","title":{"rendered":"Almanya&#8217;da Yap\u0131lan K\u00f6y \u015eenlikleri"},"content":{"rendered":"\n<p><\/p>\n\n\n\n<p>1.Kaletepe K\u00f6yl\u00fcleri Bayramla\u015fma \u015e\u00f6leni Almanya&#8217;da yo\u011fun bir kat\u0131l\u0131mla, d\u00fcn(29 Ekim 2006), Industrie Strasse 13&nbsp;65474 Bischofsheim( Bei R\u00fcsselsheim) adresinde bulunan Global D\u00fc\u011f\u00fcn Salonunda yap\u0131ld\u0131. \u015eenli\u011fe Almanya&#8217;da bulunan hem\u015fehrilerimiz yan\u0131nda, Hollanda ve Fransa&#8217;dan da kat\u0131l\u0131m olmu\u015ftur. \u015e\u00f6lenin organizasyonunu, k\u00f6y\u00fcm\u00fcz\u00fcn Almanya&#8217;da kurulu derne\u011finin Ba\u015fkanl\u0131\u011f\u0131n\u0131 da y\u00fcr\u00fcten Abdullah \u00d6zer, Dernek faaliyetlerinin ba\u015flamas\u0131nda b\u00fcy\u00fck emekleri olan k\u0131ymetli hem\u015fehrimiz H\u00fcseyin Y\u0131lmaz ve Turan \u00c7elik&nbsp;ile Duran G\u00fclseven y\u00fcr\u00fctm\u00fc\u015fler, kat\u0131lan hem\u015fehrilerimiz de maddi ve manevi katk\u0131da bulunmu\u015f, \u015f\u00f6lenin&nbsp; sunuculu\u011funu da&nbsp; Fatih \u00c7elik&nbsp;yapm\u0131\u015ft\u0131r. Saat 11&#8217;de ba\u015flayan \u015f\u00f6lende, \u0130stiklal Mar\u015f\u0131m\u0131z\u0131n hep beraber co\u015fkuyla s\u00f6ylenmesinin ard\u0131ndan, dernek ba\u015fkan\u0131m\u0131z a\u00e7\u0131l\u0131\u015f konu\u015fmas\u0131yla birlikte sitemize ula\u015fmas\u0131 halinde yay\u0131nlayaca\u011f\u0131m\u0131z k\u00f6y\u00fcm\u00fcz\u00fc, sitemizde yay\u0131nlanan foto\u011fraflar e\u015fli\u011finde, tan\u0131tan g\u00fczel bir sunu\u015f yapm\u0131\u015ft\u0131r. Bu sunu\u015fun ard\u0131ndan sitemiz kurucular\u0131ndan Zeki \u00d6zt\u00fcrk&nbsp; ve de\u011ferli b\u00fcy\u00fc\u011f\u00fcm\u00fcz, k\u0131ymetli hem\u015fehrimiz H\u00fcseyin Y\u0131lmaz bir konu\u015fma yapm\u0131\u015ft\u0131r. Bu konu\u015fmalar\u0131n ard\u0131ndan&nbsp;&nbsp;\u00e7ocuklar\u0131m\u0131z &nbsp; \u015fiirler okumu\u015flard\u0131r. Daha sonra sahne alan Sanat\u00e7\u0131m\u0131z Celalettin \u00dcnal, dinleyici isteklerini de yerine getirmek suretiyle g\u00fczel bir konser vermi\u015f, zaman zaman gen\u00e7 hem\u015fehrilerimiz &nbsp;g\u00fczel halay ve oyunlar\u0131yla konsere e\u015flik etmi\u015flerdir. Remzi (Mustafa) Dolguny\u00fcrek ise otantik bir \u015fekilde bizleri h\u00fcz\u00fcnlendiren ve \u00e7ok eskilere g\u00f6t\u00fcren g\u00fczel bir t\u00fcrk\u00fc okumu\u015ftur(Dosyalar b\u00f6l\u00fcm\u00fcndeki m\u00fczik dosyas\u0131ndan dinleyebilirsiniz). A\u00e7\u0131k b\u00fcfe ikram\u0131n bol oldu\u011fu \u015f\u00f6lende , derne\u011fimiz i\u00e7in \u00fcye kay\u0131tlar\u0131 yap\u0131lm\u0131\u015f, \u00fclke temsilcileri se\u00e7ilmi\u015f ve \u015f\u00f6lenin bundan sonraki y\u0131llarda da farkl\u0131 \u00fclke ve mekanlarda yap\u0131lmas\u0131 kararla\u015ft\u0131r\u0131lm\u0131\u015ft\u0131r. \u015e\u00f6lenin&nbsp; son b\u00f6l\u00fcm\u00fcnde ise Fatih \u00c7elik&#8217;in stan-up&#8217;lar\u0131 kat\u0131lanlar\u0131 ne\u015felendirmi\u015f ve ba\u015fta Celal Kutlusoy olmak \u00fczere, Mehmet Kutlusoy ve Mehmet Kayg\u0131s\u0131z ile Suzan \u00d6zer&nbsp;bu \u015f\u00f6lenle ilgili duygu ve d\u00fc\u015f\u00fcncelerini ifade etmi\u015fler, hem\u015ferilerimizin dilek ve temennileriyle, bir sonraki \u015f\u00f6len bulu\u015fmak \u00fczere&nbsp; verilen s\u00f6zlerle&nbsp;\u015f\u00f6len sona ermi\u015ftir. \u015e\u00f6lene kat\u0131lanlar uzun zamand\u0131r g\u00f6rmedikleri hem\u015fehrileriyle hasret gidermi\u015f, gen\u00e7 nesil hem\u015fehrilerimiz de orta ku\u015fak hem\u015fehrilerimizle tan\u0131\u015fma imkan\u0131 bulmu\u015ftur. Bu alanda bir ilki ger\u00e7ekle\u015ftiren ve bu organizasyona katk\u0131 da bulanan b\u00fct\u00fcn hem\u015fehrilerimize sitemiz ad\u0131na \u015f\u00fckranlar\u0131m\u0131z\u0131 sunuyor, gelecekte k\u00f6y\u00fcm\u00fcz i\u00e7in yap\u0131lacak hay\u0131rl\u0131 faaliyetler i\u00e7in bir vesile olmas\u0131n\u0131 diliyoruz.<\/p>\n\n\n\n<p>Kaletepe K\u00f6y\u00fc Derne\u011fi taraf\u0131ndan organize edilen &#8220;\u0130kinci Bayramla\u015fma \u015e\u00f6leni&#8221; Almanya!n\u0131n Kassel \u015fehrinde 23 Aral\u0131k 2007 tarihinde ger\u00e7ekle\u015ftirildi. Kassel \u015fehri ve civar\u0131nda ya\u015fayan hem\u015fehrilerimizin yan\u0131 s\u0131ra, Almanya&#8217;n\u0131n di\u011fer kentlerinden ve Fransa&#8217;n\u0131n Strazburg, Lyon ve Holland&#8217;n\u0131n Rotterdam kentlerinden gelen hem\u015fehrilerimizin kat\u0131l\u0131m\u0131yla ger\u00e7ekle\u015fen \u015f\u00f6lende ge\u00e7en y\u0131l oldu\u011fu gibi Fatih \u00c7elik sunuculuk yapt\u0131.&nbsp;\u015e\u00f6lende &nbsp;\u0130stiklal Mar\u015f\u0131 ve sayg\u0131 duru\u015funu takiben Ziya \u00c7elik Kuran-\u0131 Kerim okudu ve k\u00f6y\u00fcm\u00fczden bu y\u0131l vefat edenler ve &nbsp;\u015fehitlerimiz i\u00e7in dua edildi.&nbsp;K\u00f6y\u00fcm\u00fcz\u00fcn sinevizyonla genel tan\u0131t\u0131m\u0131n\u0131n ard\u0131ndan dernek ba\u015fkan\u0131 H\u00fcseyin Y\u0131lmaz a\u00e7\u0131l\u0131\u015f konu\u015fmas\u0131n\u0131 yapt\u0131. Sitemiz edit\u00f6r\u00fc Zeki \u00d6zt\u00fcrk&#8217;\u00fcn konu\u015fmas\u0131n\u0131n ard\u0131ndan, k\u00f6y\u00fcm\u00fcz\u00fcn sanat\u00e7\u0131s\u0131 Celalettin \u00dcnal sahne ald\u0131 ve 2 b\u00f6l\u00fcml\u00fck bir konser verdi. Zekeriya \u00dcnal ise okudu\u011fu duygulu \u015fiir ile \u015f\u00f6lene renk katt\u0131. \u00c7ocuklara verilen hediyelerin ard\u0131ndan, Nuri \u00c7elik t\u00fcrk\u00fcleri ve ilahileriyle, ayr\u0131ca k\u0131sa stand-uplar\u0131ya&nbsp; \u015f\u00f6lene kat\u0131lanlar\u0131 co\u015fturdu. Program\u0131n son b\u00f6l\u00fcm\u00fcnde ise Remzi (Mustafa) Dolguny\u00fcrek Anadolu t\u00fcrk\u00fclerinden \u00f6rnekler sundu. \u015e\u00f6len&nbsp;g\u00fczel temennilerin ard\u0131ndan, bir sonraki y\u0131lda bulu\u015fma ve tekrar bu g\u00fczellikleri ya\u015fama ve ya\u015fatma dilekleriyle sona erdi.<\/p>\n\n\n\n<p>\u015e\u00f6len&#8217;e Kassel de ya\u015fayan ailelerin \u00e7o\u011funun kat\u0131ld\u0131klar\u0131 g\u00f6zlemlendi, belki de&nbsp; k\u0131\u015f \u015fartlar\u0131 nedeniyle k\u00f6y\u00fcm\u00fczden yo\u011fun&nbsp;n\u00fcfus bar\u0131nd\u0131ran Fransa&#8217;n\u0131n Lyon kenti ve civar\u0131ndan kat\u0131l\u0131m\u0131n azl\u0131\u011f\u0131 ise dikkat \u00e7ekti. Sitemiz ad\u0131na \u015f\u00f6lenin organizasyonuna katk\u0131da bulunan ve bu g\u00fczellikleri hem\u015fehrilerimize ya\u015fatan, birlik ve beraberli\u011fimize katk\u0131da bulunan herkese ayr\u0131 ayr\u0131&nbsp;te\u015fekk\u00fcr ederiz.&nbsp;<\/p>\n","protected":false},"excerpt":{"rendered":"<p>1.Kaletepe K\u00f6yl\u00fcleri Bayramla\u015fma \u015e\u00f6leni Almanya&#8217;da yo\u011fun bir kat\u0131l\u0131mla, d\u00fcn(29 Ekim 2006), Industrie Strasse 13&nbsp;65474 Bischofsheim( Bei R\u00fcsselsheim) adresinde bulunan Global D\u00fc\u011f\u00fcn Salonunda yap\u0131ld\u0131. \u015eenli\u011fe Almanya&#8217;da bulunan hem\u015fehrilerimiz yan\u0131nda, Hollanda ve&hellip;<\/p>\n","protected":false},"author":1,"featured_media":0,"comment_status":"open","ping_status":"open","sticky":false,"template":"","format":"standard","meta":{"footnotes":""},"categories":[1],"tags":[],"class_list":["post-179","post","type-post","status-publish","format-standard","hentry","category-genel"],"_links":{"self":[{"href":"https:\/\/kaletepe.net\/index.php?rest_route=\/wp\/v2\/posts\/179","targetHints":{"allow":["GET"]}}],"collection":[{"href":"https:\/\/kaletepe.net\/index.php?rest_route=\/wp\/v2\/posts"}],"about":[{"href":"https:\/\/kaletepe.net\/index.php?rest_route=\/wp\/v2\/types\/post"}],"author":[{"embeddable":true,"href":"https:\/\/kaletepe.net\/index.php?rest_route=\/wp\/v2\/users\/1"}],"replies":[{"embeddable":true,"href":"https:\/\/kaletepe.net\/index.php?rest_route=%2Fwp%2Fv2%2Fcomments&post=179"}],"version-history":[{"count":2,"href":"https:\/\/kaletepe.net\/index.php?rest_route=\/wp\/v2\/posts\/179\/revisions"}],"predecessor-version":[{"id":312,"href":"https:\/\/kaletepe.net\/index.php?rest_route=\/wp\/v2\/posts\/179\/revisions\/312"}],"wp:attachment":[{"href":"https:\/\/kaletepe.net\/index.php?rest_route=%2Fwp%2Fv2%2Fmedia&parent=179"}],"wp:term":[{"taxonomy":"category","embeddable":true,"href":"https:\/\/kaletepe.net\/index.php?rest_route=%2Fwp%2Fv2%2Fcategories&post=179"},{"taxonomy":"post_tag","embeddable":true,"href":"https:\/\/kaletepe.net\/index.php?rest_route=%2Fwp%2Fv2%2Ftags&post=179"}],"curies":[{"name":"wp","href":"https:\/\/api.w.org\/{rel}","templated":true}]}}